{"id":5224,"date":"2026-04-29T15:11:51","date_gmt":"2026-04-29T13:11:51","guid":{"rendered":"https:\/\/open-red.es\/?p=5224"},"modified":"2026-04-29T15:11:52","modified_gmt":"2026-04-29T13:11:52","slug":"valencia-campana","status":"publish","type":"post","link":"https:\/\/open-red.es\/index.php\/2026\/04\/29\/valencia-campana\/","title":{"rendered":"Valencia se une a la red de ciencia ciudadana Openred para medir la radiaci\u00f3n ambiental"},"content":{"rendered":"\n<h2 class=\"wp-block-heading\" style=\"font-size:20px\"><strong>Ibercivis y el CSIC invitan a la ciudadan\u00eda a participar en una jornada de investigaci\u00f3n de radiaci\u00f3n gamma ambiental en Valencia.<\/strong><\/h2>\n\n\n\n<h2 class=\"wp-block-heading\" style=\"font-size:20px\"><strong>Las personas interesadas se formar\u00e1n en protecci\u00f3n radiol\u00f3gica y utilizar\u00e1n sensores de medici\u00f3n para mapear el entorno urbano el pr\u00f3ximo 20 de mayo.<\/strong><\/h2>\n\n\n\n<p>La <strong>Fundaci\u00f3n Ibercivis<\/strong>, en colaboraci\u00f3n con el <strong>Consejo Superior de Investigaciones Cient\u00edficas (CSIC)<\/strong>, convoca a la ciudadan\u00eda valenciana a participar en una campa\u00f1a de medici\u00f3n de radiaci\u00f3n gamma ambiental con el proyecto <strong>Openred<\/strong>. <\/p>\n\n\n\n<p>La actividad se ha dise\u00f1ado para que cualquier persona, sin necesidad de conocimientos previos, pueda contribuir al avance del proyecto. La jornada se estructurar\u00e1 en tres fases:<\/p>\n\n\n\n<ol start=\"1\" class=\"wp-block-list\">\n<li><strong>Formaci\u00f3n y capacitaci\u00f3n:<\/strong> La sesi\u00f3n comenzar\u00e1 el mi\u00e9rcoles 20 de mayo en la <strong>Casa de la Ciencia (sede del CSIC en Valencia)<\/strong>, donde el equipo t\u00e9cnico explicar\u00e1 de forma sencilla los conceptos b\u00e1sicos y el manejo de los dispositivos de medici\u00f3n.<\/li>\n\n\n\n<li><strong>Acci\u00f3n ciudadana en el entorno:<\/strong> Las personas participantes recorrer\u00e1n diferentes puntos de inter\u00e9s de <strong>Ciutat Vella<\/strong>, eligiendo sus propias rutas para captar datos de radiaci\u00f3n gamma ambiental en tiempo real.<\/li>\n\n\n\n<li><strong>An\u00e1lisis compartido:<\/strong> Tras la recogida de datos, el grupo regresar\u00e1 a la sede para analizar los resultados de forma conjunta y extraer las primeras conclusiones sobre la salud radiol\u00f3gica del barrio.<\/li>\n<\/ol>\n\n\n\n<p>Para formar parte de esta experiencia de ciencia ciudadana, <a href=\"https:\/\/ibercivis.es\/\">Ibercivis <\/a>facilitar\u00e1 los sensores de medici\u00f3n necesarios a cada grupo. El \u00fanico requisito para las personas voluntarias es traer un dispositivo m\u00f3vil.<\/p>\n\n\n\n<blockquote class=\"wp-block-quote is-layout-flow wp-block-quote-is-layout-flow\">\n<p><strong>Inscripciones y plazas:<\/strong> Dada la limitaci\u00f3n de los equipos de medici\u00f3n que se prestar\u00e1n durante la jornada, es necesaria la inscripci\u00f3n previa a trav\u00e9s del siguiente enlace: <strong><a href=\"https:\/\/docs.google.com\/forms\/d\/e\/1FAIpQLSd1C7YkxeyOaK7eat1q-C4i9K0BgNcwyZjn3uzqrAMyK7NzSA\/viewform\">Formulario de inscripci\u00f3n Openred Valencia<\/a><\/strong><\/p>\n<\/blockquote>\n\n\n\n<p><\/p>\n","protected":false},"excerpt":{"rendered":"<p>Ibercivis y el CSIC invitan a la ciudadan\u00eda a participar en una jornada de investigaci\u00f3n de radiaci\u00f3n gamma ambiental en [&hellip;]<\/p>\n","protected":false},"author":4,"featured_media":5227,"comment_status":"open","ping_status":"open","sticky":false,"template":"","format":"standard","meta":{"_monsterinsights_skip_tracking":false,"_monsterinsights_sitenote_active":false,"_monsterinsights_sitenote_note":"","_monsterinsights_sitenote_category":0,"site-sidebar-layout":"default","site-content-layout":"","ast-site-content-layout":"default","site-content-style":"default","site-sidebar-style":"default","ast-global-header-display":"","ast-banner-title-visibility":"","ast-main-header-display":"","ast-hfb-above-header-display":"","ast-hfb-below-header-display":"","ast-hfb-mobile-header-display":"","site-post-title":"","ast-breadcrumbs-content":"","ast-featured-img":"","footer-sml-layout":"","ast-disable-related-posts":"","theme-transparent-header-meta":"","adv-header-id-meta":"","stick-header-meta":"","header-above-stick-meta":"","header-main-stick-meta":"","header-below-stick-meta":"","astra-migrate-meta-layouts":"default","ast-page-background-enabled":"default","ast-page-background-meta":{"desktop":{"background-color":"var(--ast-global-color-4)","background-image":"","background-repeat":"repeat","background-position":"center center","background-size":"auto","background-attachment":"scroll","background-type":"","background-media":"","overlay-type":"","overlay-color":"","overlay-opacity":"","overlay-gradient":""},"tablet":{"background-color":"","background-image":"","background-repeat":"repeat","background-position":"center center","background-size":"auto","background-attachment":"scroll","background-type":"","background-media":"","overlay-type":"","overlay-color":"","overlay-opacity":"","overlay-gradient":""},"mobile":{"background-color":"","background-image":"","background-repeat":"repeat","background-position":"center center","background-size":"auto","background-attachment":"scroll","background-type":"","background-media":"","overlay-type":"","overlay-color":"","overlay-opacity":"","overlay-gradient":""}},"ast-content-background-meta":{"desktop":{"background-color":"var(--ast-global-color-5)","background-image":"","background-repeat":"repeat","background-position":"center center","background-size":"auto","background-attachment":"scroll","background-type":"","background-media":"","overlay-type":"","overlay-color":"","overlay-opacity":"","overlay-gradient":""},"tablet":{"background-color":"var(--ast-global-color-5)","background-image":"","background-repeat":"repeat","background-position":"center center","background-size":"auto","background-attachment":"scroll","background-type":"","background-media":"","overlay-type":"","overlay-color":"","overlay-opacity":"","overlay-gradient":""},"mobile":{"background-color":"var(--ast-global-color-5)","background-image":"","background-repeat":"repeat","background-position":"center center","background-size":"auto","background-attachment":"scroll","background-type":"","background-media":"","overlay-type":"","overlay-color":"","overlay-opacity":"","overlay-gradient":""}},"footnotes":""},"categories":[1],"tags":[42,14],"class_list":["post-5224","post","type-post","status-publish","format-standard","has-post-thumbnail","hentry","category-actualidad","tag-campanas","tag-openred"],"yoast_head":"<!-- This site is optimized with the Yoast SEO plugin v27.5 - https:\/\/yoast.com\/product\/yoast-seo-wordpress\/ -->\n<title>Valencia se une a la red de ciencia ciudadana Openred para medir la radiaci\u00f3n ambiental -<\/title>\n<meta name=\"description\" content=\"Ibercivis y el CSIC invitan a la ciudadan\u00eda a participar en una jornada de investigaci\u00f3n de radiaci\u00f3n gamma ambiental en Valencia.\" \/>\n<meta name=\"robots\" content=\"index, follow, max-snippet:-1, max-image-preview:large, max-video-preview:-1\" \/>\n<link rel=\"canonical\" href=\"https:\/\/open-red.es\/index.php\/2026\/04\/29\/valencia-campana\/\" \/>\n<meta property=\"og:locale\" content=\"es_ES\" \/>\n<meta property=\"og:type\" content=\"article\" \/>\n<meta property=\"og:title\" content=\"Valencia se une a la red de ciencia ciudadana Openred para medir la radiaci\u00f3n ambiental -\" \/>\n<meta property=\"og:description\" content=\"Ibercivis y el CSIC invitan a la ciudadan\u00eda a participar en una jornada de investigaci\u00f3n de radiaci\u00f3n gamma ambiental en Valencia.\" \/>\n<meta property=\"og:url\" content=\"https:\/\/open-red.es\/index.php\/2026\/04\/29\/valencia-campana\/\" \/>\n<meta property=\"article:published_time\" content=\"2026-04-29T13:11:51+00:00\" \/>\n<meta property=\"article:modified_time\" content=\"2026-04-29T13:11:52+00:00\" \/>\n<meta property=\"og:image\" content=\"https:\/\/open-red.es\/wp-content\/uploads\/2026\/04\/20260407_1019102.jpg\" \/>\n\t<meta property=\"og:image:width\" content=\"2147\" \/>\n\t<meta property=\"og:image:height\" content=\"1208\" \/>\n\t<meta property=\"og:image:type\" content=\"image\/jpeg\" \/>\n<meta name=\"author\" content=\"Openred\" \/>\n<meta name=\"twitter:card\" content=\"summary_large_image\" \/>\n<meta name=\"twitter:creator\" content=\"@Openred_project\" \/>\n<meta name=\"twitter:site\" content=\"@Openred_project\" \/>\n<meta name=\"twitter:label1\" content=\"Escrito por\" \/>\n\t<meta name=\"twitter:data1\" content=\"Openred\" \/>\n\t<meta name=\"twitter:label2\" content=\"Tiempo de lectura\" \/>\n\t<meta name=\"twitter:data2\" content=\"2 minutos\" \/>\n<script type=\"application\/ld+json\" class=\"yoast-schema-graph\">{\"@context\":\"https:\\\/\\\/schema.org\",\"@graph\":[{\"@type\":\"Article\",\"@id\":\"https:\\\/\\\/open-red.es\\\/index.php\\\/2026\\\/04\\\/29\\\/valencia-campana\\\/#article\",\"isPartOf\":{\"@id\":\"https:\\\/\\\/open-red.es\\\/index.php\\\/2026\\\/04\\\/29\\\/valencia-campana\\\/\"},\"author\":{\"name\":\"Openred\",\"@id\":\"https:\\\/\\\/open-red.es\\\/#\\\/schema\\\/person\\\/2bb431a4b5709297af2143023babc51a\"},\"headline\":\"Valencia se une a la red de ciencia ciudadana Openred para medir la radiaci\u00f3n ambiental\",\"datePublished\":\"2026-04-29T13:11:51+00:00\",\"dateModified\":\"2026-04-29T13:11:52+00:00\",\"mainEntityOfPage\":{\"@id\":\"https:\\\/\\\/open-red.es\\\/index.php\\\/2026\\\/04\\\/29\\\/valencia-campana\\\/\"},\"wordCount\":321,\"commentCount\":0,\"publisher\":{\"@id\":\"https:\\\/\\\/open-red.es\\\/#organization\"},\"image\":{\"@id\":\"https:\\\/\\\/open-red.es\\\/index.php\\\/2026\\\/04\\\/29\\\/valencia-campana\\\/#primaryimage\"},\"thumbnailUrl\":\"https:\\\/\\\/open-red.es\\\/wp-content\\\/uploads\\\/2026\\\/04\\\/20260407_1019102.jpg\",\"keywords\":[\"Campa\u00f1as\",\"Openred\"],\"articleSection\":[\"Actualidad\"],\"inLanguage\":\"es\",\"potentialAction\":[{\"@type\":\"CommentAction\",\"name\":\"Comment\",\"target\":[\"https:\\\/\\\/open-red.es\\\/index.php\\\/2026\\\/04\\\/29\\\/valencia-campana\\\/#respond\"]}]},{\"@type\":\"WebPage\",\"@id\":\"https:\\\/\\\/open-red.es\\\/index.php\\\/2026\\\/04\\\/29\\\/valencia-campana\\\/\",\"url\":\"https:\\\/\\\/open-red.es\\\/index.php\\\/2026\\\/04\\\/29\\\/valencia-campana\\\/\",\"name\":\"Valencia se une a la red de ciencia ciudadana Openred para medir la radiaci\u00f3n ambiental -\",\"isPartOf\":{\"@id\":\"https:\\\/\\\/open-red.es\\\/#website\"},\"primaryImageOfPage\":{\"@id\":\"https:\\\/\\\/open-red.es\\\/index.php\\\/2026\\\/04\\\/29\\\/valencia-campana\\\/#primaryimage\"},\"image\":{\"@id\":\"https:\\\/\\\/open-red.es\\\/index.php\\\/2026\\\/04\\\/29\\\/valencia-campana\\\/#primaryimage\"},\"thumbnailUrl\":\"https:\\\/\\\/open-red.es\\\/wp-content\\\/uploads\\\/2026\\\/04\\\/20260407_1019102.jpg\",\"datePublished\":\"2026-04-29T13:11:51+00:00\",\"dateModified\":\"2026-04-29T13:11:52+00:00\",\"description\":\"Ibercivis y el CSIC invitan a la ciudadan\u00eda a participar en una jornada de investigaci\u00f3n de radiaci\u00f3n gamma ambiental en Valencia.\",\"breadcrumb\":{\"@id\":\"https:\\\/\\\/open-red.es\\\/index.php\\\/2026\\\/04\\\/29\\\/valencia-campana\\\/#breadcrumb\"},\"inLanguage\":\"es\",\"potentialAction\":[{\"@type\":\"ReadAction\",\"target\":[\"https:\\\/\\\/open-red.es\\\/index.php\\\/2026\\\/04\\\/29\\\/valencia-campana\\\/\"]}]},{\"@type\":\"ImageObject\",\"inLanguage\":\"es\",\"@id\":\"https:\\\/\\\/open-red.es\\\/index.php\\\/2026\\\/04\\\/29\\\/valencia-campana\\\/#primaryimage\",\"url\":\"https:\\\/\\\/open-red.es\\\/wp-content\\\/uploads\\\/2026\\\/04\\\/20260407_1019102.jpg\",\"contentUrl\":\"https:\\\/\\\/open-red.es\\\/wp-content\\\/uploads\\\/2026\\\/04\\\/20260407_1019102.jpg\",\"width\":2147,\"height\":1208},{\"@type\":\"BreadcrumbList\",\"@id\":\"https:\\\/\\\/open-red.es\\\/index.php\\\/2026\\\/04\\\/29\\\/valencia-campana\\\/#breadcrumb\",\"itemListElement\":[{\"@type\":\"ListItem\",\"position\":1,\"name\":\"Portada\",\"item\":\"https:\\\/\\\/open-red.es\\\/\"},{\"@type\":\"ListItem\",\"position\":2,\"name\":\"Valencia se une a la red de ciencia ciudadana Openred para medir la radiaci\u00f3n ambiental\"}]},{\"@type\":\"WebSite\",\"@id\":\"https:\\\/\\\/open-red.es\\\/#website\",\"url\":\"https:\\\/\\\/open-red.es\\\/\",\"name\":\"Openred\",\"description\":\"\",\"publisher\":{\"@id\":\"https:\\\/\\\/open-red.es\\\/#organization\"},\"potentialAction\":[{\"@type\":\"SearchAction\",\"target\":{\"@type\":\"EntryPoint\",\"urlTemplate\":\"https:\\\/\\\/open-red.es\\\/?s={search_term_string}\"},\"query-input\":{\"@type\":\"PropertyValueSpecification\",\"valueRequired\":true,\"valueName\":\"search_term_string\"}}],\"inLanguage\":\"es\"},{\"@type\":\"Organization\",\"@id\":\"https:\\\/\\\/open-red.es\\\/#organization\",\"name\":\"Openred\",\"url\":\"https:\\\/\\\/open-red.es\\\/\",\"logo\":{\"@type\":\"ImageObject\",\"inLanguage\":\"es\",\"@id\":\"https:\\\/\\\/open-red.es\\\/#\\\/schema\\\/logo\\\/image\\\/\",\"url\":\"https:\\\/\\\/open-red.es\\\/wp-content\\\/uploads\\\/2024\\\/08\\\/cropped-Tipografia-en-Blanco-scaled.png\",\"contentUrl\":\"https:\\\/\\\/open-red.es\\\/wp-content\\\/uploads\\\/2024\\\/08\\\/cropped-Tipografia-en-Blanco-scaled.png\",\"width\":2560,\"height\":1098,\"caption\":\"Openred\"},\"image\":{\"@id\":\"https:\\\/\\\/open-red.es\\\/#\\\/schema\\\/logo\\\/image\\\/\"},\"sameAs\":[\"https:\\\/\\\/x.com\\\/Openred_project\",\"https:\\\/\\\/www.instagram.com\\\/openred_project\\\/\",\"https:\\\/\\\/t.me\\\/OpenRedProject\",\"https:\\\/\\\/www.linkedin.com\\\/showcase\\\/openred-project\\\/\"]},{\"@type\":\"Person\",\"@id\":\"https:\\\/\\\/open-red.es\\\/#\\\/schema\\\/person\\\/2bb431a4b5709297af2143023babc51a\",\"name\":\"Openred\",\"image\":{\"@type\":\"ImageObject\",\"inLanguage\":\"es\",\"@id\":\"https:\\\/\\\/secure.gravatar.com\\\/avatar\\\/9374e8d196b8f719523f15bd48ea55a6d89a37733c35230bc106d8102e4a22da?s=96&d=mm&r=g\",\"url\":\"https:\\\/\\\/secure.gravatar.com\\\/avatar\\\/9374e8d196b8f719523f15bd48ea55a6d89a37733c35230bc106d8102e4a22da?s=96&d=mm&r=g\",\"contentUrl\":\"https:\\\/\\\/secure.gravatar.com\\\/avatar\\\/9374e8d196b8f719523f15bd48ea55a6d89a37733c35230bc106d8102e4a22da?s=96&d=mm&r=g\",\"caption\":\"Openred\"},\"url\":\"https:\\\/\\\/open-red.es\\\/index.php\\\/author\\\/open-red\\\/\"}]}<\/script>\n<!-- \/ Yoast SEO plugin. -->","yoast_head_json":{"title":"Valencia se une a la red de ciencia ciudadana Openred para medir la radiaci\u00f3n ambiental -","description":"Ibercivis y el CSIC invitan a la ciudadan\u00eda a participar en una jornada de investigaci\u00f3n de radiaci\u00f3n gamma ambiental en Valencia.","robots":{"index":"index","follow":"follow","max-snippet":"max-snippet:-1","max-image-preview":"max-image-preview:large","max-video-preview":"max-video-preview:-1"},"canonical":"https:\/\/open-red.es\/index.php\/2026\/04\/29\/valencia-campana\/","og_locale":"es_ES","og_type":"article","og_title":"Valencia se une a la red de ciencia ciudadana Openred para medir la radiaci\u00f3n ambiental -","og_description":"Ibercivis y el CSIC invitan a la ciudadan\u00eda a participar en una jornada de investigaci\u00f3n de radiaci\u00f3n gamma ambiental en Valencia.","og_url":"https:\/\/open-red.es\/index.php\/2026\/04\/29\/valencia-campana\/","article_published_time":"2026-04-29T13:11:51+00:00","article_modified_time":"2026-04-29T13:11:52+00:00","og_image":[{"width":2147,"height":1208,"url":"https:\/\/open-red.es\/wp-content\/uploads\/2026\/04\/20260407_1019102.jpg","type":"image\/jpeg"}],"author":"Openred","twitter_card":"summary_large_image","twitter_creator":"@Openred_project","twitter_site":"@Openred_project","twitter_misc":{"Escrito por":"Openred","Tiempo de lectura":"2 minutos"},"schema":{"@context":"https:\/\/schema.org","@graph":[{"@type":"Article","@id":"https:\/\/open-red.es\/index.php\/2026\/04\/29\/valencia-campana\/#article","isPartOf":{"@id":"https:\/\/open-red.es\/index.php\/2026\/04\/29\/valencia-campana\/"},"author":{"name":"Openred","@id":"https:\/\/open-red.es\/#\/schema\/person\/2bb431a4b5709297af2143023babc51a"},"headline":"Valencia se une a la red de ciencia ciudadana Openred para medir la radiaci\u00f3n ambiental","datePublished":"2026-04-29T13:11:51+00:00","dateModified":"2026-04-29T13:11:52+00:00","mainEntityOfPage":{"@id":"https:\/\/open-red.es\/index.php\/2026\/04\/29\/valencia-campana\/"},"wordCount":321,"commentCount":0,"publisher":{"@id":"https:\/\/open-red.es\/#organization"},"image":{"@id":"https:\/\/open-red.es\/index.php\/2026\/04\/29\/valencia-campana\/#primaryimage"},"thumbnailUrl":"https:\/\/open-red.es\/wp-content\/uploads\/2026\/04\/20260407_1019102.jpg","keywords":["Campa\u00f1as","Openred"],"articleSection":["Actualidad"],"inLanguage":"es","potentialAction":[{"@type":"CommentAction","name":"Comment","target":["https:\/\/open-red.es\/index.php\/2026\/04\/29\/valencia-campana\/#respond"]}]},{"@type":"WebPage","@id":"https:\/\/open-red.es\/index.php\/2026\/04\/29\/valencia-campana\/","url":"https:\/\/open-red.es\/index.php\/2026\/04\/29\/valencia-campana\/","name":"Valencia se une a la red de ciencia ciudadana Openred para medir la radiaci\u00f3n ambiental -","isPartOf":{"@id":"https:\/\/open-red.es\/#website"},"primaryImageOfPage":{"@id":"https:\/\/open-red.es\/index.php\/2026\/04\/29\/valencia-campana\/#primaryimage"},"image":{"@id":"https:\/\/open-red.es\/index.php\/2026\/04\/29\/valencia-campana\/#primaryimage"},"thumbnailUrl":"https:\/\/open-red.es\/wp-content\/uploads\/2026\/04\/20260407_1019102.jpg","datePublished":"2026-04-29T13:11:51+00:00","dateModified":"2026-04-29T13:11:52+00:00","description":"Ibercivis y el CSIC invitan a la ciudadan\u00eda a participar en una jornada de investigaci\u00f3n de radiaci\u00f3n gamma ambiental en Valencia.","breadcrumb":{"@id":"https:\/\/open-red.es\/index.php\/2026\/04\/29\/valencia-campana\/#breadcrumb"},"inLanguage":"es","potentialAction":[{"@type":"ReadAction","target":["https:\/\/open-red.es\/index.php\/2026\/04\/29\/valencia-campana\/"]}]},{"@type":"ImageObject","inLanguage":"es","@id":"https:\/\/open-red.es\/index.php\/2026\/04\/29\/valencia-campana\/#primaryimage","url":"https:\/\/open-red.es\/wp-content\/uploads\/2026\/04\/20260407_1019102.jpg","contentUrl":"https:\/\/open-red.es\/wp-content\/uploads\/2026\/04\/20260407_1019102.jpg","width":2147,"height":1208},{"@type":"BreadcrumbList","@id":"https:\/\/open-red.es\/index.php\/2026\/04\/29\/valencia-campana\/#breadcrumb","itemListElement":[{"@type":"ListItem","position":1,"name":"Portada","item":"https:\/\/open-red.es\/"},{"@type":"ListItem","position":2,"name":"Valencia se une a la red de ciencia ciudadana Openred para medir la radiaci\u00f3n ambiental"}]},{"@type":"WebSite","@id":"https:\/\/open-red.es\/#website","url":"https:\/\/open-red.es\/","name":"Openred","description":"","publisher":{"@id":"https:\/\/open-red.es\/#organization"},"potentialAction":[{"@type":"SearchAction","target":{"@type":"EntryPoint","urlTemplate":"https:\/\/open-red.es\/?s={search_term_string}"},"query-input":{"@type":"PropertyValueSpecification","valueRequired":true,"valueName":"search_term_string"}}],"inLanguage":"es"},{"@type":"Organization","@id":"https:\/\/open-red.es\/#organization","name":"Openred","url":"https:\/\/open-red.es\/","logo":{"@type":"ImageObject","inLanguage":"es","@id":"https:\/\/open-red.es\/#\/schema\/logo\/image\/","url":"https:\/\/open-red.es\/wp-content\/uploads\/2024\/08\/cropped-Tipografia-en-Blanco-scaled.png","contentUrl":"https:\/\/open-red.es\/wp-content\/uploads\/2024\/08\/cropped-Tipografia-en-Blanco-scaled.png","width":2560,"height":1098,"caption":"Openred"},"image":{"@id":"https:\/\/open-red.es\/#\/schema\/logo\/image\/"},"sameAs":["https:\/\/x.com\/Openred_project","https:\/\/www.instagram.com\/openred_project\/","https:\/\/t.me\/OpenRedProject","https:\/\/www.linkedin.com\/showcase\/openred-project\/"]},{"@type":"Person","@id":"https:\/\/open-red.es\/#\/schema\/person\/2bb431a4b5709297af2143023babc51a","name":"Openred","image":{"@type":"ImageObject","inLanguage":"es","@id":"https:\/\/secure.gravatar.com\/avatar\/9374e8d196b8f719523f15bd48ea55a6d89a37733c35230bc106d8102e4a22da?s=96&d=mm&r=g","url":"https:\/\/secure.gravatar.com\/avatar\/9374e8d196b8f719523f15bd48ea55a6d89a37733c35230bc106d8102e4a22da?s=96&d=mm&r=g","contentUrl":"https:\/\/secure.gravatar.com\/avatar\/9374e8d196b8f719523f15bd48ea55a6d89a37733c35230bc106d8102e4a22da?s=96&d=mm&r=g","caption":"Openred"},"url":"https:\/\/open-red.es\/index.php\/author\/open-red\/"}]}},"_links":{"self":[{"href":"https:\/\/open-red.es\/index.php\/wp-json\/wp\/v2\/posts\/5224","targetHints":{"allow":["GET"]}}],"collection":[{"href":"https:\/\/open-red.es\/index.php\/wp-json\/wp\/v2\/posts"}],"about":[{"href":"https:\/\/open-red.es\/index.php\/wp-json\/wp\/v2\/types\/post"}],"author":[{"embeddable":true,"href":"https:\/\/open-red.es\/index.php\/wp-json\/wp\/v2\/users\/4"}],"replies":[{"embeddable":true,"href":"https:\/\/open-red.es\/index.php\/wp-json\/wp\/v2\/comments?post=5224"}],"version-history":[{"count":5,"href":"https:\/\/open-red.es\/index.php\/wp-json\/wp\/v2\/posts\/5224\/revisions"}],"predecessor-version":[{"id":5232,"href":"https:\/\/open-red.es\/index.php\/wp-json\/wp\/v2\/posts\/5224\/revisions\/5232"}],"wp:featuredmedia":[{"embeddable":true,"href":"https:\/\/open-red.es\/index.php\/wp-json\/wp\/v2\/media\/5227"}],"wp:attachment":[{"href":"https:\/\/open-red.es\/index.php\/wp-json\/wp\/v2\/media?parent=5224"}],"wp:term":[{"taxonomy":"category","embeddable":true,"href":"https:\/\/open-red.es\/index.php\/wp-json\/wp\/v2\/categories?post=5224"},{"taxonomy":"post_tag","embeddable":true,"href":"https:\/\/open-red.es\/index.php\/wp-json\/wp\/v2\/tags?post=5224"}],"curies":[{"name":"wp","href":"https:\/\/api.w.org\/{rel}","templated":true}]}}