{"id":5195,"date":"2026-04-14T11:00:17","date_gmt":"2026-04-14T09:00:17","guid":{"rendered":"https:\/\/open-red.es\/?p=5195"},"modified":"2026-04-14T11:00:19","modified_gmt":"2026-04-14T09:00:19","slug":"openred-campanas-marzo","status":"publish","type":"post","link":"https:\/\/open-red.es\/index.php\/2026\/04\/14\/openred-campanas-marzo\/","title":{"rendered":"Ciencia ciudadana en ruta con Openred: campa\u00f1as ciudadanas de marzo."},"content":{"rendered":"\n<h4 class=\"wp-block-heading\"><strong>Nuevas mediciones de radiaci\u00f3n gamma ambiental en Madrid, Asturias, Cantabria, Pa\u00eds Vasco y Castilla y Le\u00f3n con la participaci\u00f3n activa de centros educativos y universidades.<\/strong><\/h4>\n\n\n\n<h4 class=\"wp-block-heading\"><strong>La red ciudadana de monitorizaci\u00f3n continuar\u00e1 expandi\u00e9ndose durante el mes de abril con nuevas jornadas en Burgos, Zaragoza, Melilla y Badajoz.<\/strong><\/h4>\n\n\n\n<p>El proyecto <a href=\"https:\/\/open-red.es\/\"><strong>Openred<\/strong> <\/a>ha llevado la ciencia ciudadana a diversas ciudades de Espa\u00f1a durante este mes de marzo. Estas campa\u00f1as han permitido fortalecer y ampliar la red ciudadana de medici\u00f3n de la radiaci\u00f3n gamma ambiental, dando a conocer el proyecto a nuevas entidades educativas, recogiendo datos sobre radiaci\u00f3n gamma ambiental y fomentando la cultura radiol\u00f3gica en todo el territorio.<\/p>\n\n\n\n<p>La actividad comenz\u00f3 el 16 de marzo en <strong>Madrid<\/strong>, donde compartimos una jornada de medici\u00f3n con el alumnado de FP de Mantenimiento Electr\u00f3nico del <strong>IES Juan de la Cierva<\/strong>. En esta primera campa\u00f1a, recorrimos los alrededores del centro y las proximidades de Madrid R\u00edo, poniendo a prueba los dispositivos de medici\u00f3n en un entorno urbano de gran afluencia y registrando valores entre <strong>0,04 \u00b5Sv\/h <\/strong>y<strong> 0,20 \u00b5Sv\/h<\/strong>.<\/p>\n\n\n\n<p>Posteriormente, el proyecto viaj\u00f3 al norte. El 19 de marzo estuvimos en <strong>Gij\u00f3n<\/strong> con el alumnado de primero de Bachillerato del <strong>Colegio Coraz\u00f3n de Mar\u00eda<\/strong>, y el 20 de marzo nos desplazamos a <strong>Villaviciosa<\/strong>. All\u00ed, el alumnado de la modalidad cient\u00edfico-tecnol\u00f3gica del <strong>IES V\u00edctor Garc\u00eda de la Concha<\/strong> realiz\u00f3 una exhaustiva campa\u00f1a de medici\u00f3n, demostrando un gran compromiso con la monitorizaci\u00f3n de su entorno. En esta regi\u00f3n del Principado de Asturias, registramos valores entre <strong>0,08 \u00b5Sv\/h y 0,16 \u00b5Sv\/h<\/strong> en Gij\u00f3n y entre <strong>0,08 \u00b5Sv\/h y 0,12 \u00b5Sv\/h<\/strong> en Villaviciosa.<\/p>\n\n\n\n<p><a href=\"https:\/\/ibercivis.es\/openred\/\">Openred <\/a>continu\u00f3 su trayectoria en la <strong>ETSIIT de Santander<\/strong> el 25 de marzo con estudiantes de distintos grados y m\u00e1ster de la escuela, donde se registraron valores de entre <strong>0,08 \u00b5Sv\/h y 0,12 \u00b5Sv\/h<\/strong>. Al d\u00eda siguiente, el 26 de marzo, el proyecto midi\u00f3 la radiaci\u00f3n gamma ambiental en la <strong>Universidad de Burgos (UBU)<\/strong> junto al alumnado del M\u00e1ster de Profesorado y ciudadan\u00eda en general, obteniendo medidas de entre <strong>0,08 \u00b5Sv\/h y 0,16 \u00b5Sv\/h<\/strong>.<\/p>\n\n\n\n<figure class=\"wp-block-image aligncenter size-large is-resized\"><img decoding=\"async\" src=\"https:\/\/ibercivis.es\/wp-content\/uploads\/2026\/04\/Santander-1024x675.png\" alt=\"\" class=\"wp-image-33033\" style=\"width:484px;height:auto\"\/><\/figure>\n\n\n\n<div style=\"height:25px\" aria-hidden=\"true\" class=\"wp-block-spacer\"><\/div>\n\n\n\n<div class=\"wp-block-group is-layout-flex wp-block-group-is-layout-flex\" style=\"padding-top:0;padding-right:0;padding-bottom:0;padding-left:0\">\n<div class=\"wp-block-columns is-layout-flex wp-container-core-columns-is-layout-28f84493 wp-block-columns-is-layout-flex\">\n<div class=\"wp-block-column is-layout-flow wp-block-column-is-layout-flow\" style=\"flex-basis:33.33%\">\n<p>Para cerrar el mes, realizamos una \u00faltima campa\u00f1a en la <strong>Escuela de Ingenier\u00eda de Bilbao (UPV\/EHU)<\/strong>, donde algunos estudiantes del m\u00e1ster en telecomunicaciones realizar\u00e1n mediciones hasta mayo. Adem\u00e1s, hemos conseguido integrar uno de nuestros dispositivos <strong>Radiacode 102<\/strong> para medir la radiaci\u00f3n a lo largo de la <strong>senda transpirenaica (GR11) de Navarra<\/strong>, entre el 27 de marzo y el 5 de abril, lo que permite registrar datos valiosos en zonas de alta monta\u00f1a y rutas senderistas.<\/p>\n<\/div>\n\n\n\n<div class=\"wp-block-column is-layout-flow wp-block-column-is-layout-flow\" style=\"flex-basis:66.66%\">\n<figure class=\"wp-block-image alignfull size-large\"><img decoding=\"async\" src=\"https:\/\/ibercivis.es\/wp-content\/uploads\/2026\/04\/WhatsApp-Image-2026-04-06-at-14.56.20-1-1024x768.jpeg\" alt=\"\" class=\"wp-image-33035\"\/><\/figure>\n<\/div>\n<\/div>\n\n\n\n<div style=\"height:25px;width:0px\" aria-hidden=\"true\" class=\"wp-block-spacer wp-container-content-9760934e\"><\/div>\n<\/div>\n\n\n\n<p>El \u00e9xito de estas jornadas se traduce en miles de datos de medici\u00f3n y rutas visibles para todo el mundo. Gracias a la ciencia ciudadana, los datos recogidos en el territorio nacional ya est\u00e1n disponibles en nuestra plataforma (<a href=\"https:\/\/map.open-red.es\">map.open-red.es<\/a>) para que cualquier persona pueda consultarlos.<\/p>\n\n\n\n<p>Desde la <strong>Fundaci\u00f3n Ibercivis<\/strong> y el equipo de <strong>OpenRed<\/strong>, queremos agradecer a los centros educativos, universidades y personas voluntarias por su entusiasmo y dedicaci\u00f3n en estas campa\u00f1as. <\/p>\n\n\n\n<figure class=\"wp-block-image size-large\"><img decoding=\"async\" src=\"https:\/\/ibercivis.es\/wp-content\/uploads\/2026\/04\/campanas-openred-V6-07-1024x576.jpg\" alt=\"\" class=\"wp-image-33038\"\/><\/figure>\n\n\n\n<p><\/p>\n","protected":false},"excerpt":{"rendered":"<p>Nuevas mediciones de radiaci\u00f3n gamma ambiental en Madrid, Asturias, Cantabria, Pa\u00eds Vasco y Castilla y Le\u00f3n con la participaci\u00f3n activa [&hellip;]<\/p>\n","protected":false},"author":4,"featured_media":5197,"comment_status":"open","ping_status":"open","sticky":false,"template":"","format":"standard","meta":{"_monsterinsights_skip_tracking":false,"_monsterinsights_sitenote_active":false,"_monsterinsights_sitenote_note":"","_monsterinsights_sitenote_category":0,"site-sidebar-layout":"default","site-content-layout":"","ast-site-content-layout":"default","site-content-style":"default","site-sidebar-style":"default","ast-global-header-display":"","ast-banner-title-visibility":"","ast-main-header-display":"","ast-hfb-above-header-display":"","ast-hfb-below-header-display":"","ast-hfb-mobile-header-display":"","site-post-title":"","ast-breadcrumbs-content":"","ast-featured-img":"","footer-sml-layout":"","ast-disable-related-posts":"","theme-transparent-header-meta":"","adv-header-id-meta":"","stick-header-meta":"","header-above-stick-meta":"","header-main-stick-meta":"","header-below-stick-meta":"","astra-migrate-meta-layouts":"default","ast-page-background-enabled":"default","ast-page-background-meta":{"desktop":{"background-color":"var(--ast-global-color-4)","background-image":"","background-repeat":"repeat","background-position":"center center","background-size":"auto","background-attachment":"scroll","background-type":"","background-media":"","overlay-type":"","overlay-color":"","overlay-opacity":"","overlay-gradient":""},"tablet":{"background-color":"","background-image":"","background-repeat":"repeat","background-position":"center center","background-size":"auto","background-attachment":"scroll","background-type":"","background-media":"","overlay-type":"","overlay-color":"","overlay-opacity":"","overlay-gradient":""},"mobile":{"background-color":"","background-image":"","background-repeat":"repeat","background-position":"center center","background-size":"auto","background-attachment":"scroll","background-type":"","background-media":"","overlay-type":"","overlay-color":"","overlay-opacity":"","overlay-gradient":""}},"ast-content-background-meta":{"desktop":{"background-color":"var(--ast-global-color-5)","background-image":"","background-repeat":"repeat","background-position":"center center","background-size":"auto","background-attachment":"scroll","background-type":"","background-media":"","overlay-type":"","overlay-color":"","overlay-opacity":"","overlay-gradient":""},"tablet":{"background-color":"var(--ast-global-color-5)","background-image":"","background-repeat":"repeat","background-position":"center center","background-size":"auto","background-attachment":"scroll","background-type":"","background-media":"","overlay-type":"","overlay-color":"","overlay-opacity":"","overlay-gradient":""},"mobile":{"background-color":"var(--ast-global-color-5)","background-image":"","background-repeat":"repeat","background-position":"center center","background-size":"auto","background-attachment":"scroll","background-type":"","background-media":"","overlay-type":"","overlay-color":"","overlay-opacity":"","overlay-gradient":""}},"footnotes":""},"categories":[1],"tags":[],"class_list":["post-5195","post","type-post","status-publish","format-standard","has-post-thumbnail","hentry","category-actualidad"],"yoast_head":"<!-- This site is optimized with the Yoast SEO plugin v27.5 - https:\/\/yoast.com\/product\/yoast-seo-wordpress\/ -->\n<title>Ciencia ciudadana en ruta con Openred: campa\u00f1as ciudadanas de marzo. -<\/title>\n<meta name=\"description\" content=\"Nuevas mediciones de radiaci\u00f3n gamma ambiental en Espa\u00f1a con la participaci\u00f3n activa de centros educativos y universidades.\" \/>\n<meta name=\"robots\" content=\"index, follow, max-snippet:-1, max-image-preview:large, max-video-preview:-1\" \/>\n<link rel=\"canonical\" href=\"https:\/\/open-red.es\/index.php\/2026\/04\/14\/openred-campanas-marzo\/\" \/>\n<meta property=\"og:locale\" content=\"es_ES\" \/>\n<meta property=\"og:type\" content=\"article\" \/>\n<meta property=\"og:title\" content=\"Ciencia ciudadana en ruta con Openred: campa\u00f1as ciudadanas de marzo. -\" \/>\n<meta property=\"og:description\" content=\"Nuevas mediciones de radiaci\u00f3n gamma ambiental en Espa\u00f1a con la participaci\u00f3n activa de centros educativos y universidades.\" \/>\n<meta property=\"og:url\" content=\"https:\/\/open-red.es\/index.php\/2026\/04\/14\/openred-campanas-marzo\/\" \/>\n<meta property=\"article:published_time\" content=\"2026-04-14T09:00:17+00:00\" \/>\n<meta property=\"article:modified_time\" content=\"2026-04-14T09:00:19+00:00\" \/>\n<meta property=\"og:image\" content=\"https:\/\/open-red.es\/wp-content\/uploads\/2026\/04\/1774615454961-scaled.jpg\" \/>\n\t<meta property=\"og:image:width\" content=\"2560\" \/>\n\t<meta property=\"og:image:height\" content=\"1920\" \/>\n\t<meta property=\"og:image:type\" content=\"image\/jpeg\" \/>\n<meta name=\"author\" content=\"Openred\" \/>\n<meta name=\"twitter:card\" content=\"summary_large_image\" \/>\n<meta name=\"twitter:creator\" content=\"@Openred_project\" \/>\n<meta name=\"twitter:site\" content=\"@Openred_project\" \/>\n<meta name=\"twitter:label1\" content=\"Escrito por\" \/>\n\t<meta name=\"twitter:data1\" content=\"Openred\" \/>\n\t<meta name=\"twitter:label2\" content=\"Tiempo de lectura\" \/>\n\t<meta name=\"twitter:data2\" content=\"4 minutos\" \/>\n<script type=\"application\/ld+json\" class=\"yoast-schema-graph\">{\"@context\":\"https:\\\/\\\/schema.org\",\"@graph\":[{\"@type\":\"Article\",\"@id\":\"https:\\\/\\\/open-red.es\\\/index.php\\\/2026\\\/04\\\/14\\\/openred-campanas-marzo\\\/#article\",\"isPartOf\":{\"@id\":\"https:\\\/\\\/open-red.es\\\/index.php\\\/2026\\\/04\\\/14\\\/openred-campanas-marzo\\\/\"},\"author\":{\"name\":\"Openred\",\"@id\":\"https:\\\/\\\/open-red.es\\\/#\\\/schema\\\/person\\\/2bb431a4b5709297af2143023babc51a\"},\"headline\":\"Ciencia ciudadana en ruta con Openred: campa\u00f1as ciudadanas de marzo.\",\"datePublished\":\"2026-04-14T09:00:17+00:00\",\"dateModified\":\"2026-04-14T09:00:19+00:00\",\"mainEntityOfPage\":{\"@id\":\"https:\\\/\\\/open-red.es\\\/index.php\\\/2026\\\/04\\\/14\\\/openred-campanas-marzo\\\/\"},\"wordCount\":535,\"commentCount\":0,\"publisher\":{\"@id\":\"https:\\\/\\\/open-red.es\\\/#organization\"},\"image\":{\"@id\":\"https:\\\/\\\/open-red.es\\\/index.php\\\/2026\\\/04\\\/14\\\/openred-campanas-marzo\\\/#primaryimage\"},\"thumbnailUrl\":\"https:\\\/\\\/open-red.es\\\/wp-content\\\/uploads\\\/2026\\\/04\\\/1774615454961-scaled.jpg\",\"articleSection\":[\"Actualidad\"],\"inLanguage\":\"es\",\"potentialAction\":[{\"@type\":\"CommentAction\",\"name\":\"Comment\",\"target\":[\"https:\\\/\\\/open-red.es\\\/index.php\\\/2026\\\/04\\\/14\\\/openred-campanas-marzo\\\/#respond\"]}]},{\"@type\":\"WebPage\",\"@id\":\"https:\\\/\\\/open-red.es\\\/index.php\\\/2026\\\/04\\\/14\\\/openred-campanas-marzo\\\/\",\"url\":\"https:\\\/\\\/open-red.es\\\/index.php\\\/2026\\\/04\\\/14\\\/openred-campanas-marzo\\\/\",\"name\":\"Ciencia ciudadana en ruta con Openred: campa\u00f1as ciudadanas de marzo. -\",\"isPartOf\":{\"@id\":\"https:\\\/\\\/open-red.es\\\/#website\"},\"primaryImageOfPage\":{\"@id\":\"https:\\\/\\\/open-red.es\\\/index.php\\\/2026\\\/04\\\/14\\\/openred-campanas-marzo\\\/#primaryimage\"},\"image\":{\"@id\":\"https:\\\/\\\/open-red.es\\\/index.php\\\/2026\\\/04\\\/14\\\/openred-campanas-marzo\\\/#primaryimage\"},\"thumbnailUrl\":\"https:\\\/\\\/open-red.es\\\/wp-content\\\/uploads\\\/2026\\\/04\\\/1774615454961-scaled.jpg\",\"datePublished\":\"2026-04-14T09:00:17+00:00\",\"dateModified\":\"2026-04-14T09:00:19+00:00\",\"description\":\"Nuevas mediciones de radiaci\u00f3n gamma ambiental en Espa\u00f1a con la participaci\u00f3n activa de centros educativos y universidades.\",\"breadcrumb\":{\"@id\":\"https:\\\/\\\/open-red.es\\\/index.php\\\/2026\\\/04\\\/14\\\/openred-campanas-marzo\\\/#breadcrumb\"},\"inLanguage\":\"es\",\"potentialAction\":[{\"@type\":\"ReadAction\",\"target\":[\"https:\\\/\\\/open-red.es\\\/index.php\\\/2026\\\/04\\\/14\\\/openred-campanas-marzo\\\/\"]}]},{\"@type\":\"ImageObject\",\"inLanguage\":\"es\",\"@id\":\"https:\\\/\\\/open-red.es\\\/index.php\\\/2026\\\/04\\\/14\\\/openred-campanas-marzo\\\/#primaryimage\",\"url\":\"https:\\\/\\\/open-red.es\\\/wp-content\\\/uploads\\\/2026\\\/04\\\/1774615454961-scaled.jpg\",\"contentUrl\":\"https:\\\/\\\/open-red.es\\\/wp-content\\\/uploads\\\/2026\\\/04\\\/1774615454961-scaled.jpg\",\"width\":2560,\"height\":1920},{\"@type\":\"BreadcrumbList\",\"@id\":\"https:\\\/\\\/open-red.es\\\/index.php\\\/2026\\\/04\\\/14\\\/openred-campanas-marzo\\\/#breadcrumb\",\"itemListElement\":[{\"@type\":\"ListItem\",\"position\":1,\"name\":\"Portada\",\"item\":\"https:\\\/\\\/open-red.es\\\/\"},{\"@type\":\"ListItem\",\"position\":2,\"name\":\"Ciencia ciudadana en ruta con Openred: campa\u00f1as ciudadanas de marzo.\"}]},{\"@type\":\"WebSite\",\"@id\":\"https:\\\/\\\/open-red.es\\\/#website\",\"url\":\"https:\\\/\\\/open-red.es\\\/\",\"name\":\"Openred\",\"description\":\"\",\"publisher\":{\"@id\":\"https:\\\/\\\/open-red.es\\\/#organization\"},\"potentialAction\":[{\"@type\":\"SearchAction\",\"target\":{\"@type\":\"EntryPoint\",\"urlTemplate\":\"https:\\\/\\\/open-red.es\\\/?s={search_term_string}\"},\"query-input\":{\"@type\":\"PropertyValueSpecification\",\"valueRequired\":true,\"valueName\":\"search_term_string\"}}],\"inLanguage\":\"es\"},{\"@type\":\"Organization\",\"@id\":\"https:\\\/\\\/open-red.es\\\/#organization\",\"name\":\"Openred\",\"url\":\"https:\\\/\\\/open-red.es\\\/\",\"logo\":{\"@type\":\"ImageObject\",\"inLanguage\":\"es\",\"@id\":\"https:\\\/\\\/open-red.es\\\/#\\\/schema\\\/logo\\\/image\\\/\",\"url\":\"https:\\\/\\\/open-red.es\\\/wp-content\\\/uploads\\\/2024\\\/08\\\/cropped-Tipografia-en-Blanco-scaled.png\",\"contentUrl\":\"https:\\\/\\\/open-red.es\\\/wp-content\\\/uploads\\\/2024\\\/08\\\/cropped-Tipografia-en-Blanco-scaled.png\",\"width\":2560,\"height\":1098,\"caption\":\"Openred\"},\"image\":{\"@id\":\"https:\\\/\\\/open-red.es\\\/#\\\/schema\\\/logo\\\/image\\\/\"},\"sameAs\":[\"https:\\\/\\\/x.com\\\/Openred_project\",\"https:\\\/\\\/www.instagram.com\\\/openred_project\\\/\",\"https:\\\/\\\/t.me\\\/OpenRedProject\",\"https:\\\/\\\/www.linkedin.com\\\/showcase\\\/openred-project\\\/\"]},{\"@type\":\"Person\",\"@id\":\"https:\\\/\\\/open-red.es\\\/#\\\/schema\\\/person\\\/2bb431a4b5709297af2143023babc51a\",\"name\":\"Openred\",\"image\":{\"@type\":\"ImageObject\",\"inLanguage\":\"es\",\"@id\":\"https:\\\/\\\/secure.gravatar.com\\\/avatar\\\/9374e8d196b8f719523f15bd48ea55a6d89a37733c35230bc106d8102e4a22da?s=96&d=mm&r=g\",\"url\":\"https:\\\/\\\/secure.gravatar.com\\\/avatar\\\/9374e8d196b8f719523f15bd48ea55a6d89a37733c35230bc106d8102e4a22da?s=96&d=mm&r=g\",\"contentUrl\":\"https:\\\/\\\/secure.gravatar.com\\\/avatar\\\/9374e8d196b8f719523f15bd48ea55a6d89a37733c35230bc106d8102e4a22da?s=96&d=mm&r=g\",\"caption\":\"Openred\"},\"url\":\"https:\\\/\\\/open-red.es\\\/index.php\\\/author\\\/open-red\\\/\"}]}<\/script>\n<!-- \/ Yoast SEO plugin. -->","yoast_head_json":{"title":"Ciencia ciudadana en ruta con Openred: campa\u00f1as ciudadanas de marzo. -","description":"Nuevas mediciones de radiaci\u00f3n gamma ambiental en Espa\u00f1a con la participaci\u00f3n activa de centros educativos y universidades.","robots":{"index":"index","follow":"follow","max-snippet":"max-snippet:-1","max-image-preview":"max-image-preview:large","max-video-preview":"max-video-preview:-1"},"canonical":"https:\/\/open-red.es\/index.php\/2026\/04\/14\/openred-campanas-marzo\/","og_locale":"es_ES","og_type":"article","og_title":"Ciencia ciudadana en ruta con Openred: campa\u00f1as ciudadanas de marzo. -","og_description":"Nuevas mediciones de radiaci\u00f3n gamma ambiental en Espa\u00f1a con la participaci\u00f3n activa de centros educativos y universidades.","og_url":"https:\/\/open-red.es\/index.php\/2026\/04\/14\/openred-campanas-marzo\/","article_published_time":"2026-04-14T09:00:17+00:00","article_modified_time":"2026-04-14T09:00:19+00:00","og_image":[{"width":2560,"height":1920,"url":"https:\/\/open-red.es\/wp-content\/uploads\/2026\/04\/1774615454961-scaled.jpg","type":"image\/jpeg"}],"author":"Openred","twitter_card":"summary_large_image","twitter_creator":"@Openred_project","twitter_site":"@Openred_project","twitter_misc":{"Escrito por":"Openred","Tiempo de lectura":"4 minutos"},"schema":{"@context":"https:\/\/schema.org","@graph":[{"@type":"Article","@id":"https:\/\/open-red.es\/index.php\/2026\/04\/14\/openred-campanas-marzo\/#article","isPartOf":{"@id":"https:\/\/open-red.es\/index.php\/2026\/04\/14\/openred-campanas-marzo\/"},"author":{"name":"Openred","@id":"https:\/\/open-red.es\/#\/schema\/person\/2bb431a4b5709297af2143023babc51a"},"headline":"Ciencia ciudadana en ruta con Openred: campa\u00f1as ciudadanas de marzo.","datePublished":"2026-04-14T09:00:17+00:00","dateModified":"2026-04-14T09:00:19+00:00","mainEntityOfPage":{"@id":"https:\/\/open-red.es\/index.php\/2026\/04\/14\/openred-campanas-marzo\/"},"wordCount":535,"commentCount":0,"publisher":{"@id":"https:\/\/open-red.es\/#organization"},"image":{"@id":"https:\/\/open-red.es\/index.php\/2026\/04\/14\/openred-campanas-marzo\/#primaryimage"},"thumbnailUrl":"https:\/\/open-red.es\/wp-content\/uploads\/2026\/04\/1774615454961-scaled.jpg","articleSection":["Actualidad"],"inLanguage":"es","potentialAction":[{"@type":"CommentAction","name":"Comment","target":["https:\/\/open-red.es\/index.php\/2026\/04\/14\/openred-campanas-marzo\/#respond"]}]},{"@type":"WebPage","@id":"https:\/\/open-red.es\/index.php\/2026\/04\/14\/openred-campanas-marzo\/","url":"https:\/\/open-red.es\/index.php\/2026\/04\/14\/openred-campanas-marzo\/","name":"Ciencia ciudadana en ruta con Openred: campa\u00f1as ciudadanas de marzo. -","isPartOf":{"@id":"https:\/\/open-red.es\/#website"},"primaryImageOfPage":{"@id":"https:\/\/open-red.es\/index.php\/2026\/04\/14\/openred-campanas-marzo\/#primaryimage"},"image":{"@id":"https:\/\/open-red.es\/index.php\/2026\/04\/14\/openred-campanas-marzo\/#primaryimage"},"thumbnailUrl":"https:\/\/open-red.es\/wp-content\/uploads\/2026\/04\/1774615454961-scaled.jpg","datePublished":"2026-04-14T09:00:17+00:00","dateModified":"2026-04-14T09:00:19+00:00","description":"Nuevas mediciones de radiaci\u00f3n gamma ambiental en Espa\u00f1a con la participaci\u00f3n activa de centros educativos y universidades.","breadcrumb":{"@id":"https:\/\/open-red.es\/index.php\/2026\/04\/14\/openred-campanas-marzo\/#breadcrumb"},"inLanguage":"es","potentialAction":[{"@type":"ReadAction","target":["https:\/\/open-red.es\/index.php\/2026\/04\/14\/openred-campanas-marzo\/"]}]},{"@type":"ImageObject","inLanguage":"es","@id":"https:\/\/open-red.es\/index.php\/2026\/04\/14\/openred-campanas-marzo\/#primaryimage","url":"https:\/\/open-red.es\/wp-content\/uploads\/2026\/04\/1774615454961-scaled.jpg","contentUrl":"https:\/\/open-red.es\/wp-content\/uploads\/2026\/04\/1774615454961-scaled.jpg","width":2560,"height":1920},{"@type":"BreadcrumbList","@id":"https:\/\/open-red.es\/index.php\/2026\/04\/14\/openred-campanas-marzo\/#breadcrumb","itemListElement":[{"@type":"ListItem","position":1,"name":"Portada","item":"https:\/\/open-red.es\/"},{"@type":"ListItem","position":2,"name":"Ciencia ciudadana en ruta con Openred: campa\u00f1as ciudadanas de marzo."}]},{"@type":"WebSite","@id":"https:\/\/open-red.es\/#website","url":"https:\/\/open-red.es\/","name":"Openred","description":"","publisher":{"@id":"https:\/\/open-red.es\/#organization"},"potentialAction":[{"@type":"SearchAction","target":{"@type":"EntryPoint","urlTemplate":"https:\/\/open-red.es\/?s={search_term_string}"},"query-input":{"@type":"PropertyValueSpecification","valueRequired":true,"valueName":"search_term_string"}}],"inLanguage":"es"},{"@type":"Organization","@id":"https:\/\/open-red.es\/#organization","name":"Openred","url":"https:\/\/open-red.es\/","logo":{"@type":"ImageObject","inLanguage":"es","@id":"https:\/\/open-red.es\/#\/schema\/logo\/image\/","url":"https:\/\/open-red.es\/wp-content\/uploads\/2024\/08\/cropped-Tipografia-en-Blanco-scaled.png","contentUrl":"https:\/\/open-red.es\/wp-content\/uploads\/2024\/08\/cropped-Tipografia-en-Blanco-scaled.png","width":2560,"height":1098,"caption":"Openred"},"image":{"@id":"https:\/\/open-red.es\/#\/schema\/logo\/image\/"},"sameAs":["https:\/\/x.com\/Openred_project","https:\/\/www.instagram.com\/openred_project\/","https:\/\/t.me\/OpenRedProject","https:\/\/www.linkedin.com\/showcase\/openred-project\/"]},{"@type":"Person","@id":"https:\/\/open-red.es\/#\/schema\/person\/2bb431a4b5709297af2143023babc51a","name":"Openred","image":{"@type":"ImageObject","inLanguage":"es","@id":"https:\/\/secure.gravatar.com\/avatar\/9374e8d196b8f719523f15bd48ea55a6d89a37733c35230bc106d8102e4a22da?s=96&d=mm&r=g","url":"https:\/\/secure.gravatar.com\/avatar\/9374e8d196b8f719523f15bd48ea55a6d89a37733c35230bc106d8102e4a22da?s=96&d=mm&r=g","contentUrl":"https:\/\/secure.gravatar.com\/avatar\/9374e8d196b8f719523f15bd48ea55a6d89a37733c35230bc106d8102e4a22da?s=96&d=mm&r=g","caption":"Openred"},"url":"https:\/\/open-red.es\/index.php\/author\/open-red\/"}]}},"_links":{"self":[{"href":"https:\/\/open-red.es\/index.php\/wp-json\/wp\/v2\/posts\/5195","targetHints":{"allow":["GET"]}}],"collection":[{"href":"https:\/\/open-red.es\/index.php\/wp-json\/wp\/v2\/posts"}],"about":[{"href":"https:\/\/open-red.es\/index.php\/wp-json\/wp\/v2\/types\/post"}],"author":[{"embeddable":true,"href":"https:\/\/open-red.es\/index.php\/wp-json\/wp\/v2\/users\/4"}],"replies":[{"embeddable":true,"href":"https:\/\/open-red.es\/index.php\/wp-json\/wp\/v2\/comments?post=5195"}],"version-history":[{"count":7,"href":"https:\/\/open-red.es\/index.php\/wp-json\/wp\/v2\/posts\/5195\/revisions"}],"predecessor-version":[{"id":5205,"href":"https:\/\/open-red.es\/index.php\/wp-json\/wp\/v2\/posts\/5195\/revisions\/5205"}],"wp:featuredmedia":[{"embeddable":true,"href":"https:\/\/open-red.es\/index.php\/wp-json\/wp\/v2\/media\/5197"}],"wp:attachment":[{"href":"https:\/\/open-red.es\/index.php\/wp-json\/wp\/v2\/media?parent=5195"}],"wp:term":[{"taxonomy":"category","embeddable":true,"href":"https:\/\/open-red.es\/index.php\/wp-json\/wp\/v2\/categories?post=5195"},{"taxonomy":"post_tag","embeddable":true,"href":"https:\/\/open-red.es\/index.php\/wp-json\/wp\/v2\/tags?post=5195"}],"curies":[{"name":"wp","href":"https:\/\/api.w.org\/{rel}","templated":true}]}}